{"id":2841,"date":"2023-03-03T15:34:35","date_gmt":"2023-03-03T14:34:35","guid":{"rendered":"https:\/\/www.pm-group.eu\/fr\/?p=2841"},"modified":"2023-03-03T15:34:35","modified_gmt":"2023-03-03T14:34:35","slug":"7-sp-grande-polyvalence-dans-des-dimensions-record","status":"publish","type":"post","link":"https:\/\/www.pm-group.eu\/fr\/7-sp-grande-polyvalence-dans-des-dimensions-record\/","title":{"rendered":"7 SP. Grande polyvalence dans des dimensions record"},"content":{"rendered":"<p>[vc_row][vc_column][vc_column_text]<img loading=\"lazy\" class=\"size-medium wp-image-2847 aligncenter\" src=\"https:\/\/www.pm-group.eu\/fr\/wp-content\/uploads\/sites\/3\/2023\/03\/7-SP-3-300x200.jpg\" alt=\"\" width=\"300\" height=\"200\" srcset=\"https:\/\/www.pm-group.eu\/fr\/wp-content\/uploads\/sites\/3\/2023\/03\/7-SP-3-300x200.jpg 300w, https:\/\/www.pm-group.eu\/fr\/wp-content\/uploads\/sites\/3\/2023\/03\/7-SP-3-1024x683.jpg 1024w, https:\/\/www.pm-group.eu\/fr\/wp-content\/uploads\/sites\/3\/2023\/03\/7-SP-3-768x512.jpg 768w, https:\/\/www.pm-group.eu\/fr\/wp-content\/uploads\/sites\/3\/2023\/03\/7-SP-3-391x260.jpg 391w, https:\/\/www.pm-group.eu\/fr\/wp-content\/uploads\/sites\/3\/2023\/03\/7-SP-3-1536x1025.jpg 1536w, https:\/\/www.pm-group.eu\/fr\/wp-content\/uploads\/sites\/3\/2023\/03\/7-SP-3.jpg 1920w\" sizes=\"(max-width: 300px) 100vw, 300px\" \/><\/p>\n<p>Sur la vague du succ\u00e8s g\u00e9n\u00e9r\u00e9 par le lancement de la nouvelle et futuriste 70.5 SP, qui a vu PM Oil&amp;Steel S.p.A. se retrouver protagoniste d&rsquo;un crescendo d&rsquo;int\u00e9r\u00eat et d&rsquo;approbation de la part de nouveaux et fid\u00e8les clients, nous voulons pr\u00e9senter avec le m\u00eame enthousiasme la plus petite de la gamme Gold, notre segment haute performance.<\/p>\n<p>7 SP. La petite de la maison PM.<img loading=\"lazy\" class=\"size-medium wp-image-2846 alignright\" src=\"https:\/\/www.pm-group.eu\/fr\/wp-content\/uploads\/sites\/3\/2023\/03\/7-SP-2-200x300.jpg\" alt=\"\" width=\"200\" height=\"300\" srcset=\"https:\/\/www.pm-group.eu\/fr\/wp-content\/uploads\/sites\/3\/2023\/03\/7-SP-2-200x300.jpg 200w, https:\/\/www.pm-group.eu\/fr\/wp-content\/uploads\/sites\/3\/2023\/03\/7-SP-2-683x1024.jpg 683w, https:\/\/www.pm-group.eu\/fr\/wp-content\/uploads\/sites\/3\/2023\/03\/7-SP-2-768x1152.jpg 768w, https:\/\/www.pm-group.eu\/fr\/wp-content\/uploads\/sites\/3\/2023\/03\/7-SP-2-1024x1536.jpg 1024w, https:\/\/www.pm-group.eu\/fr\/wp-content\/uploads\/sites\/3\/2023\/03\/7-SP-2-1365x2048.jpg 1365w, https:\/\/www.pm-group.eu\/fr\/wp-content\/uploads\/sites\/3\/2023\/03\/7-SP-2-scaled.jpg 1707w\" sizes=\"(max-width: 200px) 100vw, 200px\" \/><\/p>\n<p>Avec ce nom, PM propose les valeurs d&rsquo;un grue sur camion con\u00e7ue et assembl\u00e9e sp\u00e9cifiquement pour repr\u00e9senter au mieux les crit\u00e8res de praticit\u00e9, de rentabilit\u00e9 et de performance, les pierres angulaires autour desquelles tourne notre engagement \u00e0 satisfaire les besoins de travail les plus exigeants des op\u00e9rateurs du secteur, \u00e0 un co\u00fbt r\u00e9duit, avantageux et sans compromis.<\/p>\n<p>&nbsp;<\/p>\n<p>Les facteurs d\u00e9cisifs pris en consid\u00e9ration par l&rsquo;\u00e9quipe de recherche et d\u00e9veloppement depuis la conception de la 7 SP sont la compacit\u00e9 du design et la l\u00e9g\u00e8ret\u00e9. Ce qui pourrait ressembler \u00e0 un slogan habituel se r\u00e9v\u00e8le \u00eatre pour nous une v\u00e9rit\u00e9 absolue\u00a0; le poids atteint, gr\u00e2ce \u00e0 l&rsquo;optimisation maximale des dimensions d&rsquo;encombrement et \u00e0 l&rsquo;utilisation d&rsquo;aciers \u00e0 haute r\u00e9sistance, permet d&rsquo;installer cette grue sur un v\u00e9hicule commercial \u00e0 partir d&rsquo;un poids de 6\u00a0tonnes (PTT), ce qui prouve sa grande polyvalence et profite \u00e0 la consommation de carburant et aux co\u00fbts d&rsquo;exploitation, qui seront d&rsquo;autant plus bas.<\/p>\n<p><img loading=\"lazy\" class=\"size-medium wp-image-2848 alignleft\" src=\"https:\/\/www.pm-group.eu\/fr\/wp-content\/uploads\/sites\/3\/2023\/03\/7-SP-4-300x200.jpg\" alt=\"\" width=\"300\" height=\"200\" srcset=\"https:\/\/www.pm-group.eu\/fr\/wp-content\/uploads\/sites\/3\/2023\/03\/7-SP-4-300x200.jpg 300w, https:\/\/www.pm-group.eu\/fr\/wp-content\/uploads\/sites\/3\/2023\/03\/7-SP-4-1024x683.jpg 1024w, https:\/\/www.pm-group.eu\/fr\/wp-content\/uploads\/sites\/3\/2023\/03\/7-SP-4-768x512.jpg 768w, https:\/\/www.pm-group.eu\/fr\/wp-content\/uploads\/sites\/3\/2023\/03\/7-SP-4-391x260.jpg 391w, https:\/\/www.pm-group.eu\/fr\/wp-content\/uploads\/sites\/3\/2023\/03\/7-SP-4-1536x1025.jpg 1536w, https:\/\/www.pm-group.eu\/fr\/wp-content\/uploads\/sites\/3\/2023\/03\/7-SP-4.jpg 1920w\" sizes=\"(max-width: 300px) 100vw, 300px\" \/>Nous avons pens\u00e9 \u00e0 tout. Gr\u00e2ce \u00e0 la mise en \u0153uvre des stabilisateurs rotatifs \u00e0 180\u00b0 , il a \u00e9t\u00e9 possible d&rsquo;\u00e9liminer les encombrements sous la base d\u2019appui de la grue, ce qui permet de l&rsquo;installer sur une large gamme de v\u00e9hicules qui n\u00e9cessitent un acc\u00e8s maximal aux espaces de montage, comme les Euro 6 et en particulier ceux qui sont enti\u00e8rement \u00e9lectriques, soulignant \u00e9galement dans cette direction une attention particuli\u00e8re aux besoins de ceux qui, comme nous, croient au retournement \u00e9co-durable.<\/p>\n<p>Une autre des solutions qui nous a permis d&rsquo;atteindre un r\u00e9sultat remarquable vers des hauteurs de performance inhabituelles, est l&rsquo;adoption de l&rsquo;application de la bielle<img loading=\"lazy\" class=\"size-medium wp-image-2845 alignright\" src=\"https:\/\/www.pm-group.eu\/fr\/wp-content\/uploads\/sites\/3\/2023\/03\/7-SP-1-300x200.jpg\" alt=\"\" width=\"300\" height=\"200\" srcset=\"https:\/\/www.pm-group.eu\/fr\/wp-content\/uploads\/sites\/3\/2023\/03\/7-SP-1-300x200.jpg 300w, https:\/\/www.pm-group.eu\/fr\/wp-content\/uploads\/sites\/3\/2023\/03\/7-SP-1-1024x683.jpg 1024w, https:\/\/www.pm-group.eu\/fr\/wp-content\/uploads\/sites\/3\/2023\/03\/7-SP-1-768x512.jpg 768w, https:\/\/www.pm-group.eu\/fr\/wp-content\/uploads\/sites\/3\/2023\/03\/7-SP-1-391x260.jpg 391w, https:\/\/www.pm-group.eu\/fr\/wp-content\/uploads\/sites\/3\/2023\/03\/7-SP-1-1536x1025.jpg 1536w, https:\/\/www.pm-group.eu\/fr\/wp-content\/uploads\/sites\/3\/2023\/03\/7-SP-1.jpg 1920w\" sizes=\"(max-width: 300px) 100vw, 300px\" \/> uniquement sur le bras secondaire. Un choix qui va dans le sens de la limitation des co\u00fbts et qui, en m\u00eame temps, garantit la puissance maximale de fonctionnement en position verticale, sans peser sur la structure porteuse.<\/p>\n<p>La 7 SP est petite mais \u00e9tonnante. Ce qui la rend presque unique parmi les \u00ab\u00a0coll\u00e8gues\u00a0\u00bb de sa taille, c&rsquo;est sa capacit\u00e9 d&rsquo;atteindre une extension incroyable gr\u00e2ce \u00e0 la possibilit\u00e9 de monter la fl\u00e8che \u00e0 deux rallonges sur les configurations de base de la machine avec deux ou trois \u00e9l\u00e9ments t\u00e9lescopiques, permettant, entre autres possibilit\u00e9s, l&rsquo;installation de la nacelle monoplace pour l&rsquo;op\u00e9rateur, avec une capacit\u00e9 de charge allant jusqu&rsquo;\u00e0 120\u00a0kg. Une solution technique qui nous place parmi les leaders du march\u00e9 et les entreprises innovatrices du secteur.<\/p>\n<p>Les normes \u00e9lev\u00e9es de s\u00e9curit\u00e9 PM et les fonctions connexes sont garanties de mani\u00e8re granitique et compl\u00e8te par l&rsquo;unit\u00e9 de commande Power Tronic Smart, qui est \u00e9galement responsable de toutes les fonctions de contr\u00f4le \u00e9lectronique pour une facilit\u00e9 d&rsquo;utilisation sans pr\u00e9c\u00e9dents \u00e0 l&rsquo;appui de toutes les op\u00e9rations de travail qui rendent les performances de la 7 SP si puissantes dans l&rsquo;ensemble. Quelle que soit la taille de la grue, \u00ab\u00a0Smart\u00a0\u00bb reste parmi nos mots d&rsquo;ordre. M\u00eame la gestion de la fl\u00e8che est confi\u00e9e \u00e9lectroniquement \u00e0 la fonction \u00ab\u00a0JMP\u00a0\u00bb\u00a0; un syst\u00e8me sophistiqu\u00e9 d&rsquo;\u00e9talonnage du limiteur, qui optimise automatiquement les performances afin d&rsquo;adapter chaque configuration de travail \u00e0 son plein potentiel.<\/p>\n<p>Pratique, polyvalente et fiable. PM 7 SP, m\u00eame avec ses dimensions compactes et ses performances sans pr\u00e9c\u00e9dent, donne une nouvelle vitesse au parcours \u00e9volutif de PM, qui nous voit parmi les protagonistes du renouveau dans le panorama du levage. Nous sommes certains que, comme pour la 70.5 SP, la sc\u00e8ne la plus efficace et concr\u00e8te pour se rendre compte de la grande valeur de cette nouvelle grue sur camion sera la rue et les lieux de travail, o\u00f9 les protagonistes sont les travailleurs qui auront choisi la solidit\u00e9 de la marque PM.<\/p>\n<p><img loading=\"lazy\" class=\"size-medium wp-image-2850 aligncenter\" src=\"https:\/\/www.pm-group.eu\/fr\/wp-content\/uploads\/sites\/3\/2023\/03\/Team-300x200.jpg\" alt=\"\" width=\"300\" height=\"200\" srcset=\"https:\/\/www.pm-group.eu\/fr\/wp-content\/uploads\/sites\/3\/2023\/03\/Team-300x200.jpg 300w, https:\/\/www.pm-group.eu\/fr\/wp-content\/uploads\/sites\/3\/2023\/03\/Team-1024x683.jpg 1024w, https:\/\/www.pm-group.eu\/fr\/wp-content\/uploads\/sites\/3\/2023\/03\/Team-768x513.jpg 768w, https:\/\/www.pm-group.eu\/fr\/wp-content\/uploads\/sites\/3\/2023\/03\/Team-391x260.jpg 391w, https:\/\/www.pm-group.eu\/fr\/wp-content\/uploads\/sites\/3\/2023\/03\/Team-1536x1025.jpg 1536w, https:\/\/www.pm-group.eu\/fr\/wp-content\/uploads\/sites\/3\/2023\/03\/Team-2048x1367.jpg 2048w\" sizes=\"(max-width: 300px) 100vw, 300px\" \/>[\/vc_column_text][\/vc_column][\/vc_row]<\/p>\n","protected":false},"excerpt":{"rendered":"<p>[vc_row][vc_column][vc_column_text] Sur la vague du succ\u00e8s g\u00e9n\u00e9r\u00e9 par le lancement de la nouvelle et futuriste 70.5 SP, qui a vu PM Oil&amp;Steel S.p.A. se retrouver protagoniste d&rsquo;un crescendo d&rsquo;int\u00e9r\u00eat et d&rsquo;approbation de la part de nouveaux et fid\u00e8les clients, nous voulons pr\u00e9senter avec le m\u00eame enthousiasme la plus petite de la gamme Gold, notre segment&hellip;<\/p>\n","protected":false},"author":8,"featured_media":2849,"comment_status":"closed","ping_status":"closed","sticky":false,"template":"","format":"standard","meta":[],"categories":[1],"tags":[],"acf":[],"_links":{"self":[{"href":"https:\/\/www.pm-group.eu\/fr\/wp-json\/wp\/v2\/posts\/2841"}],"collection":[{"href":"https:\/\/www.pm-group.eu\/fr\/wp-json\/wp\/v2\/posts"}],"about":[{"href":"https:\/\/www.pm-group.eu\/fr\/wp-json\/wp\/v2\/types\/post"}],"author":[{"embeddable":true,"href":"https:\/\/www.pm-group.eu\/fr\/wp-json\/wp\/v2\/users\/8"}],"replies":[{"embeddable":true,"href":"https:\/\/www.pm-group.eu\/fr\/wp-json\/wp\/v2\/comments?post=2841"}],"version-history":[{"count":4,"href":"https:\/\/www.pm-group.eu\/fr\/wp-json\/wp\/v2\/posts\/2841\/revisions"}],"predecessor-version":[{"id":2852,"href":"https:\/\/www.pm-group.eu\/fr\/wp-json\/wp\/v2\/posts\/2841\/revisions\/2852"}],"wp:featuredmedia":[{"embeddable":true,"href":"https:\/\/www.pm-group.eu\/fr\/wp-json\/wp\/v2\/media\/2849"}],"wp:attachment":[{"href":"https:\/\/www.pm-group.eu\/fr\/wp-json\/wp\/v2\/media?parent=2841"}],"wp:term":[{"taxonomy":"category","embeddable":true,"href":"https:\/\/www.pm-group.eu\/fr\/wp-json\/wp\/v2\/categories?post=2841"},{"taxonomy":"post_tag","embeddable":true,"href":"https:\/\/www.pm-group.eu\/fr\/wp-json\/wp\/v2\/tags?post=2841"}],"curies":[{"name":"wp","href":"https:\/\/api.w.org\/{rel}","templated":true}]}}