{"id":2823,"date":"2022-10-11T16:24:07","date_gmt":"2022-10-11T14:24:07","guid":{"rendered":"https:\/\/www.pm-group.eu\/fr\/?p=2823"},"modified":"2023-03-10T09:59:49","modified_gmt":"2023-03-10T08:59:49","slug":"pm-70-5-puissance-design-et-innovation-en-parfaite-synergie","status":"publish","type":"post","link":"https:\/\/www.pm-group.eu\/fr\/pm-70-5-puissance-design-et-innovation-en-parfaite-synergie\/","title":{"rendered":"PM 70.5. Puissance, design et innovation en parfaite synergie"},"content":{"rendered":"<p>[vc_row][vc_column][vc_column_text]<\/p>\n<p style=\"text-align: center\"><strong>\u00ab\u00a0C&rsquo;\u00e9tait un \u00e9v\u00e9nement g\u00e9nial\u00a0!\u00a0\u00bb.<\/strong><\/p>\n<p><img loading=\"lazy\" class=\"alignnone size-medium wp-image-2865 aligncenter\" src=\"https:\/\/www.pm-group.eu\/wp-content\/uploads\/2022\/10\/OK-5-300x200.jpg\" alt=\"\" width=\"300\" height=\"200\" \/><\/p>\n<p>&nbsp;<\/p>\n<p>C&rsquo;est l&rsquo;enthousiasme qu&rsquo;ont manifest\u00e9 les personnes que nous avons eu l&rsquo;honneur et le plaisir d&rsquo;accueillir lors de notre \u00e9v\u00e9nement \u00ab\u00a0Back on Track\u00a0\u00bb, qui s&rsquo;est d\u00e9roul\u00e9 en juin dernier \u00e0 notre si\u00e8ge de San Cesario sul Panaro, \u00e0 Mod\u00e8ne.<\/p>\n<p>Pour PM, \u00ab\u00a0Back on Track\u00a0\u00bb a repr\u00e9sent\u00e9 une nouvelle fa\u00e7on, une exp\u00e9rience immersive, de<\/p>\n<p><img loading=\"lazy\" class=\"size-medium wp-image-2863 alignright\" src=\"https:\/\/www.pm-group.eu\/wp-content\/uploads\/2022\/10\/OK-2-300x200.jpg\" alt=\"\" width=\"300\" height=\"200\" \/><\/p>\n<p>se r\u00e9unir avec les personnes qui travaillent avec passion, celles qui nous font confiance depuis des ann\u00e9es et celles qui souhaitent le faire \u00e0 l&rsquo;avenir. Comme le nom de l&rsquo;\u00e9v\u00e9nement le sugg\u00e8re, il s&rsquo;agit \u00e9galement d&rsquo;un tournant important pour l&rsquo;entreprise elle-m\u00eame afin de tracer de nouvelles directions.<\/p>\n<p>La pr\u00e9rogative de PM a toujours \u00e9t\u00e9 son engagement \u00e0 fournir \u00e0 ses clients des performances maximales, avec des solutions technologiques con\u00e7ues explicitement pour les exigences de travail les plus vari\u00e9es et les plus sp\u00e9cifiques.<\/p>\n<p>Cette fois, nous avons vraiment plac\u00e9 la barre tr\u00e8s haut. \u00ab\u00a070.5\u00a0\u00bb<\/p>\n<p>Il ne s&rsquo;agit pas seulement d&rsquo;un chiffre. Pour PM, 70.5 est le nouveau mod\u00e8le de grue sur camion, \u00e0 partir duquel nous nous sommes engag\u00e9s sur la voie du renouvellement et du perfectionnement, pour offrir des performances jusqu&rsquo;alors impensables pour la cat\u00e9gorie.<\/p>\n<p>D\u00e8s la phase de conception, les ing\u00e9nieurs de PM veillent \u00e0 exploiter chaque centim\u00e8tre de port\u00e9e, pour atteindre des angles et des hauteurs records, sans sacrifier la solidit\u00e9 et la s\u00e9curit\u00e9, qui restent les points immuables de notre philosophie. Avec la nouvelle 70.5, nous sommes en mesure de garantir une augmentation des performances globales d&rsquo;environ 20\u00a0%, gr\u00e2ce \u00e0 des solutions am\u00e9lior\u00e9es, des concepts d&rsquo;optimisation avanc\u00e9s et les mat\u00e9riaux utilis\u00e9s, qui ont une limite \u00e9lastique tr\u00e8s \u00e9lev\u00e9e.<\/p>\n<p>Nous avons \u00e9galement atteint un autre objectif important\u00a0: la r\u00e9duction de l&rsquo;encombrement et du poids, depuis toujours un besoin qui constitue une priorit\u00e9 pour les travailleurs. Le plus gros effort a \u00e9t\u00e9 fait dans la reconception du groupe des bras. La disposition des v\u00e9rins d&rsquo;extension, en particulier les deux premiers, qui sont maintenant dispos\u00e9s lat\u00e9ralement au bras secondaire, permet de ne pas augmenter les dimensions d&rsquo;une version \u00e0 3 extensions \u00e0 une version \u00e0 9 extensions. Cela a permis de planter un nouveau drapeau\u00a0: m\u00eame en incluant les dimensions du r\u00e9servoir, la machine ne d\u00e9passe pas la dimension maximale de 1530\u00a0mm.<\/p>\n<p><img loading=\"lazy\" class=\"size-medium wp-image-2862 aligncenter\" src=\"https:\/\/www.pm-group.eu\/wp-content\/uploads\/2022\/10\/OK-1-300x200.jpg\" alt=\"\" width=\"300\" height=\"200\" \/><\/p>\n<p>Un record.<\/p>\n<p>L&rsquo;extr\u00eame compacit\u00e9 obtenue facilite grandement l&rsquo;installation du JIB, dont les dimensions ne d\u00e9passent pas 1695\u00a0mm. En ce qui concerne cet accessoire m\u00eame, nous enregistrons avec succ\u00e8s une augmentation des performances allant jusqu&rsquo;\u00e0 40\u00a0% par rapport aux principaux concurrents de PM dans la m\u00eame cat\u00e9gorie.<\/p>\n<p>La course \u00e0 l&rsquo;innovation et la r\u00e9vision compl\u00e8te du produit ont \u00e9galement permis de franchir une \u00e9tape importante, qui va au-del\u00e0 des chiffres et de la technologie, quelque chose qu&rsquo;il faut voir pour comprendre.<\/p>\n<p>L\u2019esth\u00e9tique.<\/p>\n<p>La nouvelle 70.5 se pr\u00e9sente avec des lignes raffin\u00e9es et harmonieuses, dans lesquelles tout l&rsquo;espace r\u00e9serv\u00e9 au c\u0153ur battant a \u00e9t\u00e9 optimis\u00e9 pour assurer un impact visuel vraiment soign\u00e9 et attrayant, tout en garantissant une protection maximale de tous les composants.<\/p>\n<p>L\u2019envie d&rsquo;innover a pouss\u00e9 PM \u00e0 saisir l&rsquo;hame\u00e7on du futur, en mettant en \u0153uvre de nouvelles solutions technologiques en faveur d&rsquo;une plus grande flexibilit\u00e9 et pr\u00e9cision. Pour notre nouveau mod\u00e8le phare, nous avons adopt\u00e9 un nouveau distributeur num\u00e9rique qui a \u00e9t\u00e9 personnalis\u00e9 de mani\u00e8re appropri\u00e9e pour favoriser une pr\u00e9cision de manipulation quasi chirurgicale et une plus grande flexibilit\u00e9 et facilit\u00e9 d&rsquo;utilisation. Le passage d&rsquo;un syst\u00e8me analogique \u00e0 un syst\u00e8me num\u00e9rique offre \u00e9galement un plus grand confort en termes de contr\u00f4le. L&rsquo;ouverture de la grue, ainsi que sa fermeture, sont d\u00e9sormais g\u00e9r\u00e9es de mani\u00e8re enti\u00e8rement automatique, tout comme les fonctions li\u00e9es au syst\u00e8me exclusif PM Smart Winch.<\/p>\n<p>L&rsquo;anti-saturation du distributeur permet de g\u00e9rer plusieurs man\u0153uvres en m\u00eame temps, favorisant un gain de temps consid\u00e9rable dans les op\u00e9rations de travail normales, tandis que l&rsquo;anti-oscillation de la charge, corrige la man\u0153uvre de mani\u00e8re \u00e0 amortir l&rsquo;erreur, sauvegardant ainsi la s\u00e9curit\u00e9 des op\u00e9rateurs sur place et la structure de la machine elle-m\u00eame, qui sera par cons\u00e9quent moins sollicit\u00e9e.<\/p>\n<p style=\"text-align: left\"><img loading=\"lazy\" class=\"size-medium wp-image-2866 alignleft\" src=\"https:\/\/www.pm-group.eu\/wp-content\/uploads\/2022\/10\/OK-6-200x300.jpg\" alt=\"\" width=\"200\" height=\"300\" \/><\/p>\n<p>Pour simplifier encore les op\u00e9rations, PM a introduit le nouvel \u00c9cran Multifonctions CMI, int\u00e9gr\u00e9 dans une enveloppe de protection, pour une interaction fluide avec la machine et un affichage constant des fonctions de stabilisation et de man\u0153uvre et des \u00e9ventuelles erreurs signal\u00e9es. Nous avons confi\u00e9 \u00e0 une s\u00e9rie de valves brevet\u00e9es la gestion de tous les \u00e9l\u00e9ments li\u00e9s \u00e0 la stabilisation de la machine. Parmi les avantages extr\u00eamement importants de cette solution, on peut citer la suppression des dispositifs de s\u00e9curit\u00e9 m\u00e9caniques des poutres et des v\u00e9rins, ce qui permet d&rsquo;optimiser le temps en faveur d&rsquo;une disponibilit\u00e9 quasi imm\u00e9diate, sans pour autant sacrifier le haut niveau de s\u00e9curit\u00e9 indispensable.<\/p>\n<p>La gestion de vannes et de dispositifs aussi sophistiqu\u00e9s n\u00e9cessite un syst\u00e8me \u00e9lectrique et hydraulique efficace et sans compromis. \u00c0 cet \u00e9gard, notre choix le plus innovant se porte sur l&rsquo;adoption du syst\u00e8me CAN-bus, qui a toujours \u00e9t\u00e9 synonyme de la plus grande fiabilit\u00e9, gr\u00e2ce auquel on obtient une r\u00e9duction consid\u00e9rable des c\u00e2blages, une grande optimisation des composants \u00e9lectriques et une communication des informations en temps r\u00e9el.<\/p>\n<p>Plus que jamais, aujourd&rsquo;hui PM est heureux de transformer le travail quotidien en une exp\u00e9rience enrichissante avec la nouvelle 70.5, porteuse d&rsquo;un \u00e9norme potentiel, ce qui constitue pour l&rsquo;entreprise une fiert\u00e9 identitaire qui intervient \u00e0 un moment historique particulier. C&rsquo;est le r\u00e9sultat d&rsquo;une recette aux ingr\u00e9dients essentiels mais importants, qui nous a permis de trouver le point de rencontre id\u00e9al dans une machine surprenante par ses performances et audacieuse par son aspect.<\/p>\n<p>C&rsquo;est le fruit de la recherche et de l&rsquo;enthousiasme que nous retrouvons enfin comme protagonistes de cette nouvelle saison, la PM 70.5 n&rsquo;\u00e9tant que la premi\u00e8re d&rsquo;une s\u00e9rie de nouveaut\u00e9s importantes.<\/p>\n<p><img loading=\"lazy\" class=\"alignnone size-medium wp-image-2864 aligncenter\" src=\"https:\/\/www.pm-group.eu\/wp-content\/uploads\/2022\/10\/OK-4-300x200.jpg\" alt=\"\" width=\"300\" height=\"200\" \/>[\/vc_column_text][\/vc_column][\/vc_row]<\/p>\n","protected":false},"excerpt":{"rendered":"<p>[vc_row][vc_column][vc_column_text] \u00ab\u00a0C&rsquo;\u00e9tait un \u00e9v\u00e9nement g\u00e9nial\u00a0!\u00a0\u00bb. &nbsp; C&rsquo;est l&rsquo;enthousiasme qu&rsquo;ont manifest\u00e9 les personnes que nous avons eu l&rsquo;honneur et le plaisir d&rsquo;accueillir lors de notre \u00e9v\u00e9nement \u00ab\u00a0Back on Track\u00a0\u00bb, qui s&rsquo;est d\u00e9roul\u00e9 en juin dernier \u00e0 notre si\u00e8ge de San Cesario sul Panaro, \u00e0 Mod\u00e8ne. Pour PM, \u00ab\u00a0Back on Track\u00a0\u00bb a repr\u00e9sent\u00e9 une nouvelle fa\u00e7on, une&hellip;<\/p>\n","protected":false},"author":8,"featured_media":2779,"comment_status":"closed","ping_status":"closed","sticky":false,"template":"","format":"standard","meta":[],"categories":[1],"tags":[],"acf":[],"_links":{"self":[{"href":"https:\/\/www.pm-group.eu\/fr\/wp-json\/wp\/v2\/posts\/2823"}],"collection":[{"href":"https:\/\/www.pm-group.eu\/fr\/wp-json\/wp\/v2\/posts"}],"about":[{"href":"https:\/\/www.pm-group.eu\/fr\/wp-json\/wp\/v2\/types\/post"}],"author":[{"embeddable":true,"href":"https:\/\/www.pm-group.eu\/fr\/wp-json\/wp\/v2\/users\/8"}],"replies":[{"embeddable":true,"href":"https:\/\/www.pm-group.eu\/fr\/wp-json\/wp\/v2\/comments?post=2823"}],"version-history":[{"count":4,"href":"https:\/\/www.pm-group.eu\/fr\/wp-json\/wp\/v2\/posts\/2823\/revisions"}],"predecessor-version":[{"id":2830,"href":"https:\/\/www.pm-group.eu\/fr\/wp-json\/wp\/v2\/posts\/2823\/revisions\/2830"}],"wp:featuredmedia":[{"embeddable":true,"href":"https:\/\/www.pm-group.eu\/fr\/wp-json\/wp\/v2\/media\/2779"}],"wp:attachment":[{"href":"https:\/\/www.pm-group.eu\/fr\/wp-json\/wp\/v2\/media?parent=2823"}],"wp:term":[{"taxonomy":"category","embeddable":true,"href":"https:\/\/www.pm-group.eu\/fr\/wp-json\/wp\/v2\/categories?post=2823"},{"taxonomy":"post_tag","embeddable":true,"href":"https:\/\/www.pm-group.eu\/fr\/wp-json\/wp\/v2\/tags?post=2823"}],"curies":[{"name":"wp","href":"https:\/\/api.w.org\/{rel}","templated":true}]}}