{"id":3608,"date":"2023-09-19T12:12:24","date_gmt":"2023-09-19T10:12:24","guid":{"rendered":"https:\/\/www.pm-group.eu\/es\/?p=3608"},"modified":"2023-09-19T12:12:24","modified_gmt":"2023-09-19T10:12:24","slug":"las-nuevas-promesas-ganadoras-de-la-innovacion","status":"publish","type":"post","link":"https:\/\/www.pm-group.eu\/es\/las-nuevas-promesas-ganadoras-de-la-innovacion\/","title":{"rendered":"Las nuevas promesas ganadoras de la innovaci\u00f3n."},"content":{"rendered":"<p>[vc_row][vc_column][vc_column_text]<\/p>\n<p style=\"text-align: center\"><img loading=\"lazy\" class=\"size-medium wp-image-3342 aligncenter\" src=\"https:\/\/www.pm-group.eu\/wp-content\/uploads\/2023\/09\/PM_RENDER-2_flow-300x300.jpg\" alt=\"\" width=\"300\" height=\"300\" \/><\/p>\n<p>La GIS Expo de Piacenza es el evento m\u00e1s importante del a\u00f1o en Italia para los profesionales del mundo de la elevaci\u00f3n. La gran afluencia de p\u00fablico que desde hace a\u00f1os invade el recinto ferial de este evento bienal es testimonio del vivo inter\u00e9s que despiertan todas las novedades relacionadas, entre otras cosas, con los distintos fabricantes de gr\u00faas para camiones.<\/p>\n<p>Para PM siempre ha sido algo natural, pero tambi\u00e9n de importancia estrat\u00e9gica, estar entre los principales expositores, porque nada es m\u00e1s efectivo que el contacto directo con quienes buscan soluciones nuevas y atractivas para su trabajo y desean verlas con sus propios ojos.<\/p>\n<p>En este sentido, 2023 promete ser un a\u00f1o muy especial para PM.<\/p>\n<p>Continuando por la senda de la innovaci\u00f3n en todos los \u00e1mbitos, iniciada con la introducci\u00f3n en el mercado de la gr\u00faa insignia 70.5 SP, este a\u00f1o tenemos reservadas algunas novedades sorprendentes.<\/p>\n<p>A la espera de su lanzamiento en los pr\u00f3ximos meses, estamos realmente impacientes por presentar la poderosa 83.5 SP. Su tama\u00f1o perfecto unido a las numerosas innovaciones tecnol\u00f3gicas que incluye, heredadas de su hermana menor, la convierten en una m\u00e1quina potente con un grado perfecto de versatilidad. Dimensionar una m\u00e1quina, reduciendo al m\u00ednimo las medidas sin comprometer la solidez estructural, es el concepto en el que se basa la optimizaci\u00f3n, que encuentra su m\u00e1xima expresi\u00f3n en la nueva incorporaci\u00f3n de la gama Platinum.<\/p>\n<p>El fruto de este gran trabajo de investigaci\u00f3n y desarrollo ha hecho posible que la 83.5 SP haya logrado r\u00e9cords importantes y sin precedentes. En comparaci\u00f3n con su modelo predecesor, la gr\u00faa presenta ahora un alcance notable de 22,80 m, aportando a la m\u00e1quina una versi\u00f3n de 9 extensiones que, en comparaci\u00f3n con la competencia, contiene el r\u00e9cord de medidas totales en tan solo 1\u00a0590 mm, lo que permite ahorrar hasta 150 mm en el espacio disponible para la instalaci\u00f3n. Esta disminuci\u00f3n tambi\u00e9n ayuda al peso total de la gr\u00faa, que en la nueva 83.5 SP presenta una reducci\u00f3n de 300 kg.<\/p>\n<p>Tambi\u00e9n se ha logrado un hito extraordinario en el \u00e1mbito del rendimiento; la gr\u00faa equipada con pluma, en posici\u00f3n de trabajo vertical, consigue un aumento del rendimiento de hasta el 50\u00a0%. Se trata de un r\u00e9cord absoluto.<\/p>\n<p>Con este resultado, la PM 83.5 SP se sit\u00faa en los niveles m\u00e1s altos de su categor\u00eda, coloc\u00e1ndose directamente a la altura incluso de m\u00e1quinas de la competencia de mayor tonelaje. Rendimiento sin fisuras, garantizado tambi\u00e9n por un sistema de control que se basa en la \u00faltima tecnolog\u00eda disponible en el mercado, convenientemente personalizada, que hace de la 83.5 SP un baluarte inquebrantable tambi\u00e9n en t\u00e9rminos de seguridad.<\/p>\n<p>Si, llegados a este punto, crees que la 83.5 SP podr\u00eda ser tu pr\u00f3xima gr\u00faa, debes saber que tenemos muchas m\u00e1s por desvelar y lo haremos en la GIS Expo, donde la m\u00e1quina estar\u00e1 presente en nuestro espacio de exposici\u00f3n, a cargo de nuestro personal t\u00e9cnico y de ventas, que estar\u00e1 encantado de proporcionarte toda la informaci\u00f3n y los detalles t\u00e9cnicos que necesites.<\/p>\n<p>\u2010\u2010\u2010<\/p>\n<p>\u00abPerfecci\u00f3n e innovaci\u00f3n\u00bb sigue siendo nuestro lema.<\/p>\n<p>El equipo de investigaci\u00f3n y desarrollo de PM, siempre comprometido por alcanzar objetivos de dise\u00f1o de vanguardia, ha dirigido gran parte de sus esfuerzos a superar el estado de la t\u00e9cnica de las soluciones que garantizan la estabilidad del veh\u00edculo. Esta vez hablamos de una soluci\u00f3n exclusiva de PM que podr\u00eda tener un impacto sin precedentes en el mercado.<\/p>\n<p>El in\u00e9dito y revolucionario equipo dise\u00f1ado, que puede engancharse directamente al veh\u00edculo con unos pocos y sencillos elementos de conexi\u00f3n y sin alterar la estructura, permite un aumento considerable de la estabilidad all\u00ed donde hay una mayor concentraci\u00f3n de puntos cr\u00edticos, esto es, en la parte trasera, especialmente en veh\u00edculos de paso corto o muy corto. Sus medidas son id\u00f3neas para poder circular con un semirremolque acoplado al gancho de tracci\u00f3n, y consta de dos brazos estabilizadores con gatos de apoyo acoplados, que pueden orientarse de forma manual o hidr\u00e1ulica. Su colocaci\u00f3n es r\u00e1pida y c\u00f3moda, ya que no es necesario recurrir a estructuras o superestructuras de soporte, las cuales aumentar\u00edan significativamente la complejidad y el coste de montaje.<\/p>\n<p>La GIS Expo 2023 es la ocasi\u00f3n perfecta para apreciar en directo la configuraci\u00f3n creada ad hoc por nuestro distribuidor por excelencia GF Oleodinamica para Savo Truck de la nueva 70.5, en versi\u00f3n 7+6 combinada con este innovador y sofisticado equipo.<\/p>\n<p>Las novedades presentadas en esta publicaci\u00f3n dan fe de la incesante b\u00fasqueda de soluciones cada vez m\u00e1s avanzadas, del alto rendimiento y de la calidad de construcci\u00f3n, que no deja de lado el cuidado de los detalles, el cual va mucho m\u00e1s all\u00e1 de la atrevida est\u00e9tica de las l\u00edneas de la gr\u00faa.<\/p>\n<p>Confiamos en que nuestra satisfacci\u00f3n sea tambi\u00e9n la vuestra.<\/p>\n<p>Os esperamos en Piacenza del 5 al 7 de octubre.<\/p>\n<p><img loading=\"lazy\" class=\"alignnone size-medium wp-image-3341 aligncenter\" src=\"https:\/\/www.pm-group.eu\/wp-content\/uploads\/2023\/09\/PM_RENDER-1_flow-300x300.jpg\" alt=\"\" width=\"300\" height=\"300\" \/>[\/vc_column_text][\/vc_column][\/vc_row]<\/p>\n","protected":false},"excerpt":{"rendered":"<p>[vc_row][vc_column][vc_column_text] La GIS Expo de Piacenza es el evento m\u00e1s importante del a\u00f1o en Italia para los profesionales del mundo de la elevaci\u00f3n. La gran afluencia de p\u00fablico que desde hace a\u00f1os invade el recinto ferial de este evento bienal es testimonio del vivo inter\u00e9s que despiertan todas las novedades relacionadas, entre otras cosas, con&hellip;<\/p>\n","protected":false},"author":8,"featured_media":0,"comment_status":"closed","ping_status":"closed","sticky":false,"template":"","format":"standard","meta":[],"categories":[1],"tags":[],"acf":[],"_links":{"self":[{"href":"https:\/\/www.pm-group.eu\/es\/wp-json\/wp\/v2\/posts\/3608"}],"collection":[{"href":"https:\/\/www.pm-group.eu\/es\/wp-json\/wp\/v2\/posts"}],"about":[{"href":"https:\/\/www.pm-group.eu\/es\/wp-json\/wp\/v2\/types\/post"}],"author":[{"embeddable":true,"href":"https:\/\/www.pm-group.eu\/es\/wp-json\/wp\/v2\/users\/8"}],"replies":[{"embeddable":true,"href":"https:\/\/www.pm-group.eu\/es\/wp-json\/wp\/v2\/comments?post=3608"}],"version-history":[{"count":2,"href":"https:\/\/www.pm-group.eu\/es\/wp-json\/wp\/v2\/posts\/3608\/revisions"}],"predecessor-version":[{"id":3611,"href":"https:\/\/www.pm-group.eu\/es\/wp-json\/wp\/v2\/posts\/3608\/revisions\/3611"}],"wp:attachment":[{"href":"https:\/\/www.pm-group.eu\/es\/wp-json\/wp\/v2\/media?parent=3608"}],"wp:term":[{"taxonomy":"category","embeddable":true,"href":"https:\/\/www.pm-group.eu\/es\/wp-json\/wp\/v2\/categories?post=3608"},{"taxonomy":"post_tag","embeddable":true,"href":"https:\/\/www.pm-group.eu\/es\/wp-json\/wp\/v2\/tags?post=3608"}],"curies":[{"name":"wp","href":"https:\/\/api.w.org\/{rel}","templated":true}]}}