{"id":3582,"date":"2023-06-09T12:47:50","date_gmt":"2023-06-09T10:47:50","guid":{"rendered":"https:\/\/www.pm-group.eu\/es\/?p=3582"},"modified":"2023-06-09T12:47:50","modified_gmt":"2023-06-09T10:47:50","slug":"70-5-sp-%e2%80%90-el-encuentro-perfecto-entre-alta-tecnologia-y-estetica","status":"publish","type":"post","link":"https:\/\/www.pm-group.eu\/es\/70-5-sp-%e2%80%90-el-encuentro-perfecto-entre-alta-tecnologia-y-estetica\/","title":{"rendered":"70.5 SP \u2010 El encuentro perfecto entre alta tecnolog\u00eda y est\u00e9tica."},"content":{"rendered":"<p>[vc_row][vc_column][vc_column_text]<img loading=\"lazy\" class=\"alignnone size-medium wp-image-2865 aligncenter\" src=\"https:\/\/www.pm-group.eu\/wp-content\/uploads\/2022\/10\/OK-5-300x200.jpg\" alt=\"\" width=\"300\" height=\"200\" \/><\/p>\n<p>&nbsp;<\/p>\n<p>La 70.5 SP representa para PM el mayor esfuerzo de ingenier\u00eda y producci\u00f3n de los \u00faltimos a\u00f1os, una gr\u00faa dise\u00f1ada con el m\u00e1ximo esmero para garantizar un producto de elevado rendimiento, eficiente y seguro.<\/p>\n<p><img loading=\"lazy\" class=\"size-medium wp-image-3301 alignright\" src=\"https:\/\/www.pm-group.eu\/wp-content\/uploads\/2023\/06\/display-parte-bassa-1-300x225.png\" alt=\"\" width=\"300\" height=\"225\" \/><\/p>\n<p>Hemos equipado nuestra gr\u00faa con la mejor tecnolog\u00eda electr\u00f3nica disponible, y hemos estudiado y aplicado soluciones inteligentes para su nuevo y exclusivo dispositivo <em>input\u2010output<\/em>, que incorpora mejoras fundamentales destinadas a revolucionar el concepto mismo de eficiencia.<\/p>\n<p>Una soluci\u00f3n realmente destacable en este sentido tiene que ver con todas las entradas y salidas de la gr\u00faa, que ahora est\u00e1n configuradas para interactuar de forma directa e inmediata con cualquier accesorio, a fin de poder aplicar funciones nuevas y aumentadas que se adapten mejor a las necesidades del cliente, tanto en el momento del pedido como en las fases posteriores, sin necesidad de realizar modificaciones en el sistema.<\/p>\n<p>El dise\u00f1o de la 70.5 SP se ha cuidado hasta en los m\u00e1s m\u00ednimos detalles, no solo porque est\u00e9ticamente produce un impacto general sin precedentes sino, sobre todo, porque este es el protagonista del proceso de optimizaci\u00f3n que permite la m\u00e1xima accesibilidad a los elementos imprescindibles para las conexiones.<\/p>\n<p>La predisposici\u00f3n para la aplicaci\u00f3n de conectores de tipo panel representa un punto de inflexi\u00f3n y una enorme ventaja tambi\u00e9n para el montador, ya que permite reducir casi por completo los posibles errores en la conexi\u00f3n de los accesorios (por ejemplo, los travesa\u00f1os adicionales) y, como puede deducirse, todas las operaciones se benefician significativamente de ello, ya que desaparece la necesidad de quitar las protecciones de cubierta de los elementos, puesto que ahora todo queda \u00aba la vista\u00bb.<\/p>\n<p>La elevada calidad del proyecto se refleja tambi\u00e9n en la electr\u00f3nica destinada a los controles.<\/p>\n<p><img loading=\"lazy\" class=\"size-medium wp-image-3303 alignleft\" src=\"https:\/\/www.pm-group.eu\/wp-content\/uploads\/2023\/06\/display-parte-bassa-17-1-300x225.png\" alt=\"\" width=\"300\" height=\"225\" \/><\/p>\n<p>La nueva centralita Power Tronic equipada con tres l\u00edneas CAN\u2010BUS, responsable de la gesti\u00f3n total del funcionamiento de la m\u00e1quina, y los nuevos sensores redundantes, garantizan la m\u00e1xima seguridad, eficiencia y precisi\u00f3n en el control de la gr\u00faa, dise\u00f1ada en total conformidad con los altos est\u00e1ndares de la reciente norma UNE-EN 12999:2022, el nuevo baluarte de seguridad relativa a las gr\u00faas cargadoras, en vigor a partir del 15 de abril de 2023.<\/p>\n<p>Para facilitar a\u00fan m\u00e1s la conexi\u00f3n entre la gr\u00faa y el veh\u00edculo, hemos redise\u00f1ado la caja de alimentaci\u00f3n, que esta vez est\u00e1 equipada con un fusible con LED de estado para cada funci\u00f3n que, adem\u00e1s, permite reconocer inmediatamente el origen de un posible fallo. En estas circunstancias, podr\u00e1 utilizar nuestra red de servicios de asistencia, que le asistir\u00e1 proporcion\u00e1ndole claridad y rapidez en la intervenci\u00f3n. Adem\u00e1s, gracias a la optimizaci\u00f3n realizada en el sistema de cableado, que ahora se ha unificado para todas las m\u00e1quinas fabricadas, la reparaci\u00f3n de la gr\u00faa ser\u00e1 tambi\u00e9n m\u00e1s econ\u00f3mica y la identificaci\u00f3n y resoluci\u00f3n del problema ser\u00e1 notablemente m\u00e1s r\u00e1pida.<\/p>\n<p><img loading=\"lazy\" class=\"size-medium wp-image-3299 alignright\" src=\"https:\/\/www.pm-group.eu\/wp-content\/uploads\/2023\/06\/IMG_0707-300x225.png\" alt=\"\" width=\"300\" height=\"225\" \/><\/p>\n<p>Un detalle a destacar para quienes, como nosotros, anteponemos la seguridad a todo lo dem\u00e1s, es la elecci\u00f3n de vainas trenzadas ign\u00edfugas, fabricadas con materiales especiales que garantizan un alto nivel de protecci\u00f3n para nuestros cables y elementos circundantes, lo que los hace m\u00e1s resistentes a altas las temperaturas y a las llamas.<\/p>\n<p>El nuevo dise\u00f1o de los c\u00e1rteres en ABS refleja plenamente las caracter\u00edsticas que hemos redefinido con sumo cuidado para todo el proyecto. Los c\u00e1rteres se fabrican con materiales de alta resistencia y se colocan a ambos lados de la columna y para proteger la parte inferior de la gr\u00faa, donde tambi\u00e9n hay un soporte transitable para realizar r\u00e1pidamente operaciones de mantenimiento ordinario o maniobras de emergencia. Estas protecciones son extremadamente eficaces tambi\u00e9n contra los agentes atmosf\u00e9ricos y contra la ca\u00edda accidental de materiales, que podr\u00edan golpear los dispositivos subyacentes, adem\u00e1s de garantizar una adecuada protecci\u00f3n durante las fases de lavado.<\/p>\n<p>Nuestra pantalla multifuncional asistida por su eficiente software, instalada en la parte inferior de la gr\u00faa, permite realizar un f\u00e1cil seguimiento de cualquier bloqueo que se haya producido (interruptores de final de carrera, temperatura excesiva u otros). Una portezuela exclusiva en la protecci\u00f3n ABS, para una inspecci\u00f3n r\u00e1pida, con junta y bisagras de fricci\u00f3n, hace que el acceso a la informaci\u00f3n disponible sea inmediato y atestigua una vez m\u00e1s el papel que desempe\u00f1a el dise\u00f1o en las gr\u00faas PM, que no es solamente una opci\u00f3n est\u00e9tica, moderna y atractiva sino tambi\u00e9n, y sobre todo, es funcional.<\/p>\n<p>El camino emprendido con la nueva 70.5 SP es de una \u00fanica direcci\u00f3n. La innovaciones que trae, tanto grandes como peque\u00f1as, convierten a esta m\u00e1quina en la nueva referencia de las gr\u00faas para camiones de nueva generaci\u00f3n, ofreciendo un perfecto equilibrio entre un elevad\u00edsimo rendimiento y una est\u00e9tica que conquista.<\/p>\n<p><img loading=\"lazy\" class=\"alignnone size-medium wp-image-3305 aligncenter\" src=\"https:\/\/www.pm-group.eu\/wp-content\/uploads\/2023\/06\/logo-luce-LED-1-300x225.png\" alt=\"\" width=\"300\" height=\"225\" \/>[\/vc_column_text][\/vc_column][\/vc_row]<\/p>\n","protected":false},"excerpt":{"rendered":"<p>[vc_row][vc_column][vc_column_text] &nbsp; La 70.5 SP representa para PM el mayor esfuerzo de ingenier\u00eda y producci\u00f3n de los \u00faltimos a\u00f1os, una gr\u00faa dise\u00f1ada con el m\u00e1ximo esmero para garantizar un producto de elevado rendimiento, eficiente y seguro. Hemos equipado nuestra gr\u00faa con la mejor tecnolog\u00eda electr\u00f3nica disponible, y hemos estudiado y aplicado soluciones inteligentes para su&hellip;<\/p>\n","protected":false},"author":8,"featured_media":3458,"comment_status":"closed","ping_status":"closed","sticky":false,"template":"","format":"standard","meta":[],"categories":[1],"tags":[],"acf":[],"_links":{"self":[{"href":"https:\/\/www.pm-group.eu\/es\/wp-json\/wp\/v2\/posts\/3582"}],"collection":[{"href":"https:\/\/www.pm-group.eu\/es\/wp-json\/wp\/v2\/posts"}],"about":[{"href":"https:\/\/www.pm-group.eu\/es\/wp-json\/wp\/v2\/types\/post"}],"author":[{"embeddable":true,"href":"https:\/\/www.pm-group.eu\/es\/wp-json\/wp\/v2\/users\/8"}],"replies":[{"embeddable":true,"href":"https:\/\/www.pm-group.eu\/es\/wp-json\/wp\/v2\/comments?post=3582"}],"version-history":[{"count":2,"href":"https:\/\/www.pm-group.eu\/es\/wp-json\/wp\/v2\/posts\/3582\/revisions"}],"predecessor-version":[{"id":3586,"href":"https:\/\/www.pm-group.eu\/es\/wp-json\/wp\/v2\/posts\/3582\/revisions\/3586"}],"wp:featuredmedia":[{"embeddable":true,"href":"https:\/\/www.pm-group.eu\/es\/wp-json\/wp\/v2\/media\/3458"}],"wp:attachment":[{"href":"https:\/\/www.pm-group.eu\/es\/wp-json\/wp\/v2\/media?parent=3582"}],"wp:term":[{"taxonomy":"category","embeddable":true,"href":"https:\/\/www.pm-group.eu\/es\/wp-json\/wp\/v2\/categories?post=3582"},{"taxonomy":"post_tag","embeddable":true,"href":"https:\/\/www.pm-group.eu\/es\/wp-json\/wp\/v2\/tags?post=3582"}],"curies":[{"name":"wp","href":"https:\/\/api.w.org\/{rel}","templated":true}]}}