{"id":3230,"date":"2022-10-11T16:24:48","date_gmt":"2022-10-11T14:24:48","guid":{"rendered":"https:\/\/www.pm-group.eu\/es\/?p=3230"},"modified":"2023-03-10T10:00:44","modified_gmt":"2023-03-10T09:00:44","slug":"pm-70-5-potencia-diseno-e-innovacion-en-perfecta-sinergia","status":"publish","type":"post","link":"https:\/\/www.pm-group.eu\/es\/pm-70-5-potencia-diseno-e-innovacion-en-perfecta-sinergia\/","title":{"rendered":"PM 70.5. Potencia, dise\u00f1o e innovaci\u00f3n en perfecta sinergia"},"content":{"rendered":"<p>[vc_row][vc_column][vc_column_text]<\/p>\n<p style=\"text-align: center\"><strong>\u00ab\u00a1Ha sido un evento fant\u00e1stico!\u00bb<\/strong><\/p>\n<p><img loading=\"lazy\" class=\"alignnone size-medium wp-image-2865 aligncenter\" src=\"https:\/\/www.pm-group.eu\/wp-content\/uploads\/2022\/10\/OK-5-300x200.jpg\" alt=\"\" width=\"300\" height=\"200\" \/><\/p>\n<p>&nbsp;<\/p>\n<p>Esta es la respuesta general que hemos recibido por parte de las personas que tuvimos el honor y el placer de recibir en nuestro evento \u00abBack on Track\u00bb, que se celebr\u00f3 el pasado mes de junio en la sede principal de San Cesario sul Panaro, M\u00f3dena.<\/p>\n<p>\u00abBack on Track\u00bb supuso para PM una forma nueva de hacer las cosas, una experiencia inmersiva, para encontrarnos con personas que trabajan con pasi\u00f3n, aquellas que durante a\u00f1os han depositado su confianza en nosotros, y aquellas que desear\u00edan hacerlo en el futuro. Como el propio nombre del evento sugiere, tambi\u00e9n representa para la propia empresa un importante punto de inflexi\u00f3n para trazar nuevos rumbos.<\/p>\n<p><img loading=\"lazy\" class=\"size-medium wp-image-2863 alignright\" src=\"https:\/\/www.pm-group.eu\/wp-content\/uploads\/2022\/10\/OK-2-300x200.jpg\" alt=\"\" width=\"300\" height=\"200\" \/><\/p>\n<p>La prerrogativa de PM ha sido, desde el primer momento, el profundo compromiso de brindar a nuestros clientes el m\u00e1ximo rendimiento, con soluciones tecnol\u00f3gicas dise\u00f1adas expresamente para las m\u00e1s variadas y espec\u00edficas exigencias de trabajo.<\/p>\n<p>En esta ocasi\u00f3n, realmente hemos subido el list\u00f3n. \u00ab70.5\u00bb<\/p>\n<p>Este no es tan solo un n\u00famero. Para PM, 70.5 es el nuevo modelo de gr\u00faa para camiones, con el cual se inicia el camino de la renovaci\u00f3n y la mejora, para garantizar un rendimiento antes impensable para esta categor\u00eda.<\/p>\n<p>Ya en la fase de dise\u00f1o, los ingenieros de PM dedican especial atenci\u00f3n a aprovechar cada cent\u00edmetro de alcance, para lograr \u00e1ngulos y alturas r\u00e9cord, sin renunciar a la solidez y la seguridad, que siguen siendo los puntos b\u00e1sicos de nuestra filosof\u00eda. Con la nueva 70.5 podemos garantizar un aumento del rendimiento general de alrededor del 20\u00a0%, gracias a soluciones mejoradas, conceptos de optimizaci\u00f3n avanzados y a los materiales utilizados, con un l\u00edmite el\u00e1stico muy elevado.<\/p>\n<p>Hemos logrado tambi\u00e9n otro importante objetivo: reducir el tama\u00f1o y el peso, que desde siempre ha sido una necesidad prioritaria para los profesionales. El m\u00e1ximo esfuerzo se hizo en el redise\u00f1o del conjunto de brazos. La disposici\u00f3n de los cilindros de extensi\u00f3n, en concreto de los dos primeros, que ahora est\u00e1n colocados lateralmente al brazo secundario, permite que no haya un aumento de las medidas pasando de la versi\u00f3n de 3 extensiones a la de 9 extensiones. Esto ha permitido establecer un nuevo hito: incluso teniendo en cuenta las dimensiones del dep\u00f3sito, la m\u00e1quina no supera el tama\u00f1o m\u00e1ximo de 1530 mm.<\/p>\n<p><img loading=\"lazy\" class=\"size-medium wp-image-2862 aligncenter\" src=\"https:\/\/www.pm-group.eu\/wp-content\/uploads\/2022\/10\/OK-1-300x200.jpg\" alt=\"\" width=\"300\" height=\"200\" \/><\/p>\n<p>Todo un r\u00e9cord.<\/p>\n<p>El tama\u00f1o extremadamente compacto logrado facilita enormemente el montaje de la pluma, cuyas medidas totales no superan los 1\u00a0695 mm. Por lo que respecta a este accesorio, hemos registrado con \u00e9xito un aumento en el rendimiento, que llega hasta un 40\u00a0% en comparaci\u00f3n con los principales competidores de PM en la misma categor\u00eda.<\/p>\n<p>De la carrera por la innovaci\u00f3n y la reinterpretaci\u00f3n del producto en todos los sentidos, surge tambi\u00e9n un hito importante, que va m\u00e1s all\u00e1 de los n\u00fameros y la tecnolog\u00eda, algo que es necesario ver para comprender.<\/p>\n<p>La est\u00e9tica.<\/p>\n<p>La nueva 70.5 presenta unas caracter\u00edsticas refinadas y armoniosas, en las que todo lo que es el espacio reservado al coraz\u00f3n palpitante se ha optimizado para garantizar un resultado realmente cuidado y atractivo para la vista, al mismo tiempo que garantiza la m\u00e1xima protecci\u00f3n de todos los componentes.<\/p>\n<p>El deseo de innovaci\u00f3n ha llevado a PM a aferrarse con fuerza al gancho hacia el futuro, ofreciendo nuevas soluciones tecnol\u00f3gicas a favor de una mayor flexibilidad y precisi\u00f3n. Para nuestro nuevo modelo insignia, hemos adoptado un nuevo distribuidor digital convenientemente personalizado, para favorecer una precisi\u00f3n de manejo casi quir\u00fargica y una mayor flexibilidad y facilidad de uso. El paso de un sistema anal\u00f3gico a uno digital permite una mayor comodidad en t\u00e9rminos de control. La apertura de la gr\u00faa, al igual que el cierre, pueden gestionarse ahora de forma completamente aut\u00f3noma, as\u00ed como las funciones relativas al exclusivo sistema PM Smart Winch.<\/p>\n<p>La antisaturaci\u00f3n del distribuidor permite gestionar varias maniobras al mismo tiempo, favoreciendo un considerable ahorro de tiempo en las operaciones de trabajo habituales, mientras que la antioscilaci\u00f3n de la carga corrige la maniobra a fin de atenuar el error, velando por la seguridad de las personas que est\u00e1n trabajando en el sitio y en la propia estructura de la m\u00e1quina que, en consecuencia, estar\u00e1 menos sometida a estr\u00e9s.<\/p>\n<p style=\"text-align: left\"><img loading=\"lazy\" class=\"size-medium wp-image-2866 alignleft\" src=\"https:\/\/www.pm-group.eu\/wp-content\/uploads\/2022\/10\/OK-6-200x300.jpg\" alt=\"\" width=\"200\" height=\"300\" \/><\/p>\n<p>Con el objetivo de simplificar a\u00fan m\u00e1s las operaciones, PM ha introducido la nueva pantalla multifunci\u00f3n CMI, ubicada en una cubierta de protecci\u00f3n especial, para una interacci\u00f3n fluida con la m\u00e1quina y una visualizaci\u00f3n constante de las funciones de estabilizaci\u00f3n y maniobra y de los posibles errores indicados por la m\u00e1quina. Hemos confiado la gesti\u00f3n de todos los elementos relacionados con la estabilizaci\u00f3n de la m\u00e1quina a una serie de v\u00e1lvulas patentadas. Entre las ventajas notablemente significativas de esta soluci\u00f3n, destaca la eliminaci\u00f3n de los dispositivos de seguridad mec\u00e1nicos para los travesa\u00f1os y los gatos, lo que le permite optimizar los tiempos a favor de una disponibilidad de uso casi inmediata, sin sacrificar el imprescindible est\u00e1ndar de seguridad extremadamente alto.<\/p>\n<p>La gesti\u00f3n de las v\u00e1lvulas y los dispositivos que presentan este nivel de sofisticaci\u00f3n requiere de un sistema el\u00e9ctrico e hidr\u00e1ulico eficiente que no d\u00e9 lugar a errores. En este sentido, nuestra elecci\u00f3n m\u00e1s innovadora recae en la adopci\u00f3n del sistema CAN-bus, que siempre ha sido sin\u00f3nimo de alt\u00edsima fiabilidad, gracias al cual se consigue una considerable reducci\u00f3n del cableado, una gran optimizaci\u00f3n de los componentes el\u00e9ctricos y la comunicaci\u00f3n de la informaci\u00f3n en tiempo real.<\/p>\n<p>Hoy m\u00e1s que nunca, PM se complace en transformar el trabajo diario en una experiencia satisfactoria con la nueva 70.5, que aporta un enorme potencial que para la empresa supone un orgullo de identidad que llega en un momento hist\u00f3rico particular. Es el resultado de una receta hecha con ingredientes b\u00e1sicos pero important\u00edsimos, que nos ha permitido encontrar el punto de equilibrio perfecto en una m\u00e1quina que sorprende en su rendimiento y que es atrevida en su aspecto.<\/p>\n<p>Se trata del fruto de la investigaci\u00f3n y del entusiasmo que finalmente nos lleva a convertirnos en protagonistas en esta nueva temporada, en la que la 70.5 de PM es tan solo la primera de una serie de importantes novedades.<\/p>\n<p><img loading=\"lazy\" class=\"alignnone size-medium wp-image-2864 aligncenter\" src=\"https:\/\/www.pm-group.eu\/wp-content\/uploads\/2022\/10\/OK-4-300x200.jpg\" alt=\"\" width=\"300\" height=\"200\" \/>[\/vc_column_text][\/vc_column][\/vc_row]<\/p>\n","protected":false},"excerpt":{"rendered":"<p>[vc_row][vc_column][vc_column_text] \u00ab\u00a1Ha sido un evento fant\u00e1stico!\u00bb &nbsp; Esta es la respuesta general que hemos recibido por parte de las personas que tuvimos el honor y el placer de recibir en nuestro evento \u00abBack on Track\u00bb, que se celebr\u00f3 el pasado mes de junio en la sede principal de San Cesario sul Panaro, M\u00f3dena. \u00abBack on&hellip;<\/p>\n","protected":false},"author":8,"featured_media":3193,"comment_status":"closed","ping_status":"closed","sticky":false,"template":"","format":"standard","meta":[],"categories":[1],"tags":[],"acf":[],"_links":{"self":[{"href":"https:\/\/www.pm-group.eu\/es\/wp-json\/wp\/v2\/posts\/3230"}],"collection":[{"href":"https:\/\/www.pm-group.eu\/es\/wp-json\/wp\/v2\/posts"}],"about":[{"href":"https:\/\/www.pm-group.eu\/es\/wp-json\/wp\/v2\/types\/post"}],"author":[{"embeddable":true,"href":"https:\/\/www.pm-group.eu\/es\/wp-json\/wp\/v2\/users\/8"}],"replies":[{"embeddable":true,"href":"https:\/\/www.pm-group.eu\/es\/wp-json\/wp\/v2\/comments?post=3230"}],"version-history":[{"count":4,"href":"https:\/\/www.pm-group.eu\/es\/wp-json\/wp\/v2\/posts\/3230\/revisions"}],"predecessor-version":[{"id":3236,"href":"https:\/\/www.pm-group.eu\/es\/wp-json\/wp\/v2\/posts\/3230\/revisions\/3236"}],"wp:featuredmedia":[{"embeddable":true,"href":"https:\/\/www.pm-group.eu\/es\/wp-json\/wp\/v2\/media\/3193"}],"wp:attachment":[{"href":"https:\/\/www.pm-group.eu\/es\/wp-json\/wp\/v2\/media?parent=3230"}],"wp:term":[{"taxonomy":"category","embeddable":true,"href":"https:\/\/www.pm-group.eu\/es\/wp-json\/wp\/v2\/categories?post=3230"},{"taxonomy":"post_tag","embeddable":true,"href":"https:\/\/www.pm-group.eu\/es\/wp-json\/wp\/v2\/tags?post=3230"}],"curies":[{"name":"wp","href":"https:\/\/api.w.org\/{rel}","templated":true}]}}